{"id":512,"date":"2018-11-09T04:34:19","date_gmt":"2018-11-09T03:34:19","guid":{"rendered":"http:\/\/matematica.cyon.site\/rubennotari.ch\/?p=512"},"modified":"2018-11-09T04:38:04","modified_gmt":"2018-11-09T03:38:04","slug":"osare-perdere-osare-limpossibile","status":"publish","type":"post","link":"https:\/\/rubennotari.ch\/index.php\/2018\/11\/09\/osare-perdere-osare-limpossibile\/","title":{"rendered":"OSARE PERDERE, OSARE L&#8217;IMPOSSIBILE!"},"content":{"rendered":"<p>TicinoLaico ha perso.<br \/>\nSolo 7&#8217;000 firme sulle 10&#8217;000 richieste.<\/p>\n<p>Qualche considerazione:<\/p>\n<p>1. Come dissi in un commento al mio post del 29 maggio 2018, forse i tempi non sono ancora maturi.<br \/>\nIo avrei aspettato ancora un 5 anni.<br \/>\nComunque, dal grafico sotto, capite che manca pochissimo. \ud83d\ude0a<\/p>\n<p>2. PLRT e PS non hanno dato il supporto sperato. Gi\u00e0 sentito varie motivazioni, non voglio entrare troppo in polemica. Ma la vicinanza delle elezioni ha sicuramente giocato un ruolo. Si teme ancora il &#8220;timor di Dio&#8221;.<\/p>\n<p>3. La discussione sul tema sarebbe stata molto interessante, anche per capire chi siamo oggi come societ\u00e0.<br \/>\nUn&#8217;occasione persa.<\/p>\n<p>4. Un plauso a chi a portato avanti l&#8217;iniziativa. Ora ci conosciamo meglio tra noi, e tra 5 anni quando proporremo il bis, ci riuscir\u00e0 facile facile.<\/p>\n<p>5. A causa delle mia partenza per il Messico, non ho potuto raccogliere firme. 50 in pi\u00f9 le avrei trovate. Cambiava poco, ma mi assumo la mia parte di responsabilit\u00e0. Mi \u00e8 mancato il guizzo. \ud83d\ude0a<\/p>\n<p>6. Raccogliere 10&#8217;000 firme in Ticino in poco tempo non \u00e9 facile. Il Ticino \u00e8 il Cantone pi\u00f9 severo relativamente ai diritti popolari. Grazie a una richiesta di Morisoli, da ieri il tempo per raccogliere le firme \u00e8 stato per\u00f2 aumentato. Bene.<\/p>\n<p>PS: giuro davanti a Dio, e prometto davanti al popolo, che per un po&#8217; non parler\u00f2 pi\u00f9 di temi religiosi. Davvero.<br \/>\nNove anni, &#8220;ol bel vedee l&#8217;\u00e8 poc distant \ud83d\ude0a&#8221;<\/p>\n<p>(<a href=\"https:\/\/www.facebook.com\/photo.php?fbid=10212840805352051\">articolo originale su FB<\/a>)<\/p>\n<p><img loading=\"lazy\" decoding=\"async\" class=\"alignnone wp-image-513 size-large\" src=\"http:\/\/matematica.cyon.site\/rubennotari.ch\/wp-content\/uploads\/2018\/11\/ateiVScattolici-ticino-1024x803.png\" alt=\"\" width=\"800\" height=\"627\" srcset=\"https:\/\/rubennotari.ch\/wp-content\/uploads\/2018\/11\/ateiVScattolici-ticino-1024x803.png 1024w, https:\/\/rubennotari.ch\/wp-content\/uploads\/2018\/11\/ateiVScattolici-ticino-300x235.png 300w, https:\/\/rubennotari.ch\/wp-content\/uploads\/2018\/11\/ateiVScattolici-ticino-768x603.png 768w, https:\/\/rubennotari.ch\/wp-content\/uploads\/2018\/11\/ateiVScattolici-ticino.png 1560w\" sizes=\"auto, (max-width: 800px) 100vw, 800px\" \/><\/p>\n","protected":false},"excerpt":{"rendered":"<p>TicinoLaico ha perso. Solo 7&#8217;000 firme sulle 10&#8217;000 richieste. Qualche considerazione: 1. Come dissi in un commento al mio post<\/p>\n","protected":false},"author":1,"featured_media":515,"comment_status":"open","ping_status":"open","sticky":false,"template":"","format":"standard","meta":{"_monsterinsights_skip_tracking":false,"_monsterinsights_sitenote_active":false,"_monsterinsights_sitenote_note":"","_monsterinsights_sitenote_category":0,"footnotes":""},"categories":[80,15,5],"tags":[106,105,103,40,104,16,12],"class_list":["post-512","post","type-post","status-publish","format-standard","has-post-thumbnail","hentry","category-politica","category-religione","category-ticino-laico","tag-ateismo","tag-dati-ustat","tag-iniziativa","tag-politica","tag-proiezioni","tag-religione","tag-ticino-laico"],"aioseo_notices":[],"_links":{"self":[{"href":"https:\/\/rubennotari.ch\/index.php\/wp-json\/wp\/v2\/posts\/512","targetHints":{"allow":["GET"]}}],"collection":[{"href":"https:\/\/rubennotari.ch\/index.php\/wp-json\/wp\/v2\/posts"}],"about":[{"href":"https:\/\/rubennotari.ch\/index.php\/wp-json\/wp\/v2\/types\/post"}],"author":[{"embeddable":true,"href":"https:\/\/rubennotari.ch\/index.php\/wp-json\/wp\/v2\/users\/1"}],"replies":[{"embeddable":true,"href":"https:\/\/rubennotari.ch\/index.php\/wp-json\/wp\/v2\/comments?post=512"}],"version-history":[{"count":1,"href":"https:\/\/rubennotari.ch\/index.php\/wp-json\/wp\/v2\/posts\/512\/revisions"}],"predecessor-version":[{"id":514,"href":"https:\/\/rubennotari.ch\/index.php\/wp-json\/wp\/v2\/posts\/512\/revisions\/514"}],"wp:featuredmedia":[{"embeddable":true,"href":"https:\/\/rubennotari.ch\/index.php\/wp-json\/wp\/v2\/media\/515"}],"wp:attachment":[{"href":"https:\/\/rubennotari.ch\/index.php\/wp-json\/wp\/v2\/media?parent=512"}],"wp:term":[{"taxonomy":"category","embeddable":true,"href":"https:\/\/rubennotari.ch\/index.php\/wp-json\/wp\/v2\/categories?post=512"},{"taxonomy":"post_tag","embeddable":true,"href":"https:\/\/rubennotari.ch\/index.php\/wp-json\/wp\/v2\/tags?post=512"}],"curies":[{"name":"wp","href":"https:\/\/api.w.org\/{rel}","templated":true}]}}