{"id":85,"date":"2017-11-02T16:09:50","date_gmt":"2017-11-02T16:09:50","guid":{"rendered":"http:\/\/matematica.cyon.site\/rubennotari.ch\/?p=85"},"modified":"2018-10-29T05:03:08","modified_gmt":"2018-10-29T04:03:08","slug":"no-billag-la-faq","status":"publish","type":"post","link":"https:\/\/rubennotari.ch\/index.php\/2017\/11\/02\/no-billag-la-faq\/","title":{"rendered":"NO BILLAG, LA FAQ"},"content":{"rendered":"<div id=\"js_q\" class=\"_5pbx userContent _3576\" data-ad-preview=\"message\" data-ft=\"{&quot;tn&quot;:&quot;K&quot;}\">\n<p>Q.) Cosa vuole l&#8217;iniziativa?<br \/>\nA.) Che la Confederazione non possa sovvenzionare (n\u00e8 gestire) alcuna emittente radio o TV.<\/p>\n<p>Q.) Ma se voto a favore la RTSI soppravvive?<br \/>\nA.) No, non pu\u00f2 pi\u00f9 esistere per definizione.<\/p>\n<p>Q.) E se voglio mandare un segnale?<br \/>\nA.) Votando s\u00ec significa abolire la RTSI. Se vuoi protestare vota in bianco.<\/p>\n<p>Q.) Ma teleticino soppravviverebbe?<br \/>\nA.) Si. Perderebbe met\u00e0 del budget che ora arriva dal canone, ma diverrebbe la tele di riferimento per tanti orfani della TSI, e potrebbe guadagnare di pi\u00f9 dalla pubblicit\u00e0.<\/p>\n<p>Q.) E perch\u00e9 non basta teleticino?<br \/>\nA.) Per due motivi:<br \/>\n1. teleticino \u00e8 privata e senza sovvenzione federale potr\u00e0 fare quello che vuole. La TSI deve rispettare un certo equilibrio. Es. tempo fa la LEGA ha protestato perch\u00e9 secondo alcune statistiche era un po&#8217; snobbata dalla RTSI. Una protesta del genere non la puoi fare con un media privato (se non \u00e8 finanziato parzialmente dal canone).<br \/>\n2. teleticino anche lavorando bene non potr\u00e0 mai offrirci la qualit\u00e0 della TSI, la differenza di budget \u00e8 davvero enorme, non basta pi\u00f9 efficienza. Per la Svizzera Italiana \u00e8 una perdita culturale enorme.<\/p>\n<p>Q.) Di chi \u00e8 teleticino?<br \/>\nA.) Della holding &#8220;mediaTI&#8221; a cui appartengono anche Corriere del Ticino, Giornale del Popolo, radio 3i, ticinonews.<\/p>\n<p>Q.) Il mercato non creerebbe una pluralit\u00e0 che garantir\u00e0 equilibro?<br \/>\nA.) No. \u00c8 un mercato davvero minuscolo, \u00e8 gi\u00e0 bello se riuscir\u00e0 a soppravvivere teleticino.<br \/>\nIl mondo dei media tende a concentrarsi. L&#8217;esempio di &#8220;mediaTI&#8221; holding \u00e8 lampante.<br \/>\nAbbiamo pure l&#8217;esempio italiano, un mercato molto grande che \u00e8 andato ad appannaggio di un solo attore.<\/p>\n<p>Q.) Quindi senza TSI resteremo con una tele regionale in mano a un gruppo che gestisce anche buona parte della stampa in Ticino?<br \/>\nA.) Si. La concentrazione dei media sarebbe davvero inquietante e poco democratica.<\/p>\n<p>Q.) Ma perch\u00e8 vuoi salvare la TSI?<br \/>\nA.) Perch\u00e8 voglio pagare per mantenere un media forte, di qualit\u00e0, indipendente e con un mandato pubblico. Ho troppa paura che l&#8217;informazione finisca in mano a monopoli privati stile berluscones.<\/p>\n<p>Q.) Ma non \u00e8 da tonti, da ticinesi, rinunciare a un servizio in cui paghiamo il 5% e i landfogti ci ridanno il 20%?<br \/>\nA.) Si, lo \u00e8. Ma non voglio necessariemente farne solo un discorso ticinocentrico.<\/p>\n<p>Q.) Ma vorrei dei cambiamenti alla TSI!<br \/>\nA.) Li vogliono in tanti, ma ripeto questa iniziativa concerne l&#8217;abolizione e basta.<\/p>\n<p>Q.) Ma perch\u00e9 devo pagare il canone se non guardo la TSI n\u00e8 ascolto la radio?<br \/>\nA.) Sono tanti i servizi di cui non usufruiamo ma che sono necessari a tenere in piedi una societ\u00e0 coesa. Ad esempio paghiamo le strade, i treni, le scuole, &#8230; anche se non necessariamente li utilizziamo.<\/p>\n<p>Q.) Visto che tutti devono pagare il canone, perch\u00e9 non lo si riscuote direttamente con le imposte?<br \/>\nA.) Boh, a me andrebbe anche bene.<\/p>\n<p>Q.) Ma perch\u00e8 il consiglio nazionale non ha proposto un controprogetto ragionato?<br \/>\nA.) Me lo chiedo, ma non lo so.<\/p>\n<p>Q.) Perch\u00e8 a volere l&#8217;abolizione di un servizio che &#8220;unisce il paese&#8221; sono anche politici che di solito si circondano di bandiere rossocrociate?<br \/>\nA.) Questo non lo capisco. O non voglio capirlo e non associarlo col fatto che certi personaggi gi\u00e0 gestiscono imperi mediatici che crescerebbero ulteriormente.<\/p>\n<p>Q.) La LEGA \u00e8 nata soprattutto grazie agli show televisivi TSI del Nano. Perch\u00e8 Boris vuole abolirla?<br \/>\nA.) Forse perch\u00e8 quegli show non li sa proporre <span class=\"_47e3 _5mfr\" title=\"Emoticon smile\"><img loading=\"lazy\" decoding=\"async\" class=\"img\" role=\"presentation\" src=\"https:\/\/static.xx.fbcdn.net\/images\/emoji.php\/v9\/fa5\/1.5\/16\/1f642.png\" alt=\"\" width=\"16\" height=\"16\" \/><span class=\"_7oe\" aria-hidden=\"true\">\ud83d\ude42<\/span><\/span>. Non lo so, non capisco.<\/p>\n<p>Q.) La RTSI \u00e8 di sinistra?<br \/>\nA.) Certo. In realt\u00e0 tutti sono di sinistra in Ticino, per\u00f2 solo 1 su 5 vota a sinistra, se no verrebbe scoperto il complotto rosso.<\/p>\n<p>Q.) Ma ha ancora senso la televisione ai tempi di internet e dello streaming?<br \/>\nA.) Si. I meccanismi di fruizione dei media stanno cambiando piuttosto rapidamente.<br \/>\nLa televisione resta comunque un media molto seguito. La produzione RTSI per\u00f2 deve tenere conto dei cambiamenti, puntando di pi\u00f9 sul web. L&#8217;importante \u00e8 la produzione di contenuti di qualit\u00e0, fruibili in diversi modi (diretta TV o streaming in differita).<\/p>\n<p>Q.) Voglio che il canone scenda!<br \/>\nA.) Lo voglio pure io. Intanto scender\u00e0 a 365 Fr. Mossa ovviamente elettorale a cui darei comunque il merito agli iniziativisti.<\/p>\n<p>Q.) Ma ha senso che la TSI spenda soldi anche per l&#8217;intrattenimento? Cosa c&#8217;entra col mandato pubblico?<br \/>\nA.) Sulle prime direi di no, ma una tele senza intrattenimento rischia purtroppo di diventare una tele di nicchia e poco seguita.<\/p>\n<p>Q.) Voglio pi\u00f9 tette e culi alla TSI!<br \/>\nA.) Non possiamo avere tutto. In questo caso per\u00f2 basta rivolgersi alla concorrenza da sud.<\/p>\n<p>Q.) Rivoglio la &#8220;palmita&#8221;! <span class=\"_5mfr\"><span class=\"_6qdm\">\ud83c\udf34<\/span><\/span><span class=\"_5mfr\"><span class=\"_6qdm\">\ud83c\udf34<\/span><\/span><span class=\"_5mfr\"><span class=\"_6qdm\">\ud83c\udf34<\/span><\/span><span class=\"_5mfr\"><span class=\"_6qdm\">\ud83c\udf34<\/span><\/span><br \/>\nA.) Facciamola! Ho gi\u00e0 qualche idea <span class=\"_5mfr\"><span class=\"_6qdm\">\ud83d\ude09<\/span><\/span><\/p>\n<p>Q.) Ma perch\u00e9 chiami la RSI RTSI?<br \/>\nA.) Nostalgia canaglia.<\/p>\n<p>Q.) Ma ti paga la TSI per fare questo post?<br \/>\nA.) Si, ho ricevuto tre ricettari del Bigio a prezzo ridotto.<\/p>\n<p>Q.) Ma in conclusione per dire no a &#8220;no billag&#8221; devo votare si o no?<br \/>\nA.) No (mi sembra)<\/p>\n<p>Q.) \u00c8 vero che Canetta non ha la patente?<br \/>\nA.) \u00c8 vero.<\/p>\n<p>Q.) \u00c8 vero che il presidente di &#8220;mediaTI&#8221; non ha la patente?<br \/>\nA.) Ahahahah. No, se l&#8217;\u00e8 ripresa. <span class=\"_5mfr\"><span class=\"_6qdm\">\ud83d\ude02<\/span><\/span><\/p>\n<p>EDITED:<br \/>\nMi hanno fatto notare che alcune informazioni non sono aggiornate:<br \/>\n&#8220;mediaTI holding&#8221; si chiama adesso &#8220;Gruppo Corriere del Ticino&#8221;.<br \/>\nLombardi non \u00e8 pi\u00f9 presidente del gruppo ma vice.<br \/>\nIl CdT e il GdP terminerranno la loro collaborazione a fine 2017.<br \/>\nNon mi \u00e8 chiaro per\u00f2 se CdT abbia venduto il suo 49% di quote del GdP.<br \/>\nHo inoltre dimenticato che ora pure il Caff\u00e8 \u00e8 nella sfera di influenza del CdT.<br \/>\nCdT infatti possiede il 45% dell&#8217;editore del Caff\u00e8.<br \/>\nInoltre ne curer\u00e0 la stampa e la pubblicit\u00e0.<\/p>\n<\/div>\n","protected":false},"excerpt":{"rendered":"<p>Q.) Cosa vuole l&#8217;iniziativa? A.) Che la Confederazione non possa sovvenzionare (n\u00e8 gestire) alcuna emittente radio o TV. Q.) Ma<\/p>\n","protected":false},"author":1,"featured_media":0,"comment_status":"open","ping_status":"open","sticky":false,"template":"","format":"standard","meta":{"_monsterinsights_skip_tracking":false,"_monsterinsights_sitenote_active":false,"_monsterinsights_sitenote_note":"","_monsterinsights_sitenote_category":0,"footnotes":""},"categories":[3],"tags":[6,7],"class_list":["post-85","post","type-post","status-publish","format-standard","hentry","category-no-billag","tag-no-billag","tag-pluralita-di-stampa"],"aioseo_notices":[],"_links":{"self":[{"href":"https:\/\/rubennotari.ch\/index.php\/wp-json\/wp\/v2\/posts\/85","targetHints":{"allow":["GET"]}}],"collection":[{"href":"https:\/\/rubennotari.ch\/index.php\/wp-json\/wp\/v2\/posts"}],"about":[{"href":"https:\/\/rubennotari.ch\/index.php\/wp-json\/wp\/v2\/types\/post"}],"author":[{"embeddable":true,"href":"https:\/\/rubennotari.ch\/index.php\/wp-json\/wp\/v2\/users\/1"}],"replies":[{"embeddable":true,"href":"https:\/\/rubennotari.ch\/index.php\/wp-json\/wp\/v2\/comments?post=85"}],"version-history":[{"count":3,"href":"https:\/\/rubennotari.ch\/index.php\/wp-json\/wp\/v2\/posts\/85\/revisions"}],"predecessor-version":[{"id":325,"href":"https:\/\/rubennotari.ch\/index.php\/wp-json\/wp\/v2\/posts\/85\/revisions\/325"}],"wp:attachment":[{"href":"https:\/\/rubennotari.ch\/index.php\/wp-json\/wp\/v2\/media?parent=85"}],"wp:term":[{"taxonomy":"category","embeddable":true,"href":"https:\/\/rubennotari.ch\/index.php\/wp-json\/wp\/v2\/categories?post=85"},{"taxonomy":"post_tag","embeddable":true,"href":"https:\/\/rubennotari.ch\/index.php\/wp-json\/wp\/v2\/tags?post=85"}],"curies":[{"name":"wp","href":"https:\/\/api.w.org\/{rel}","templated":true}]}}